{"id":268,"date":"2014-12-09T17:08:34","date_gmt":"2014-12-09T16:08:34","guid":{"rendered":"http:\/\/www.frepat.com\/es\/2020\/12\/09\/plaza-del-pilar-benahavis\/"},"modified":"2023-03-28T12:21:09","modified_gmt":"2023-03-28T10:21:09","slug":"plaza-del-pilar-benahavis","status":"publish","type":"post","link":"https:\/\/www.frepat.com\/es\/2014\/12\/09\/plaza-del-pilar-benahavis\/","title":{"rendered":"PLAZA DEL PILAR &#8211; BENAHAV\u00cdS"},"content":{"rendered":"\n<p><strong>PLAZA DEL PILAR &#8211; BENAHAV\u00cdS<\/strong><\/p>\n\n\n\n<p><strong>PROPUESTA DE CREACI\u00d3N y EQUIPAMIENTO URBANO<\/strong><\/p>\n\n\n\n<p>Benahav\u00eds, M\u00e1laga. ESPAGNE<\/p>\n\n\n\n<p>Cliente: Alcald\u00eda de BENAHAVIS<\/p>\n\n\n\n<p><strong>FREPAT Urban Equipement<\/strong> propone la instalaci\u00f3n de bancos dise\u00f1ados de acuerdo con la exigencia de \u00abmovilidad\u00bb requerida, y asociada a un concepto de identidad del lugar.<\/p>\n\n\n\n<p>Se propone la creaci\u00f3n de grandes estructuras independientes y vers\u00e1tiles que puedan ser movidas con cierta facilidad por las personas competentes.<\/p>\n\n\n\n<p>Las ruedas de la carreta evocan el car\u00e1cter de los carros aut\u00f3ctonos y les dan identidad as\u00ed como un toque decorativo \u00fanico, propio de los pueblos del sur, y &nbsp;a la vez que se utilizan para su desplazamiento.<\/p>\n\n\n\n<p>Las jardineras se pueden desmontar del resto de la estructura, facilitando el mantenimiento y permitiendo aligerar el conjunto.<\/p>\n\n\n\n<p>El color propuesto (Blue Majorelle) corresponde, por un lado, a la influencia \u00e1rabe-marroqu\u00ed de la que es caracter\u00edstica la regi\u00f3n y, por otro lado, a la frescura del color del Mediterr\u00e1neo.<\/p>\n\n\n\n<figure class=\"is-layout-flex wp-block-gallery-1 wp-block-gallery columns-2 is-cropped\"><ul class=\"blocks-gallery-grid\"><li class=\"blocks-gallery-item\"><figure><img decoding=\"async\" width=\"1000\" height=\"563\" src=\"https:\/\/www.frepat.com\/es\/wp-content\/uploads\/sites\/3\/2020\/12\/Montaje1-azul-FINAL-1.jpg\" alt=\"\" data-id=\"1124\" data-full-url=\"https:\/\/www.frepat.com\/es\/wp-content\/uploads\/sites\/3\/2020\/12\/Montaje1-azul-FINAL-1.jpg\" data-link=\"https:\/\/www.frepat.com\/es\/2014\/12\/09\/plaza-del-pilar-benahavis\/montaje1-azul-final-1\/\" class=\"wp-image-1124\" srcset=\"https:\/\/www.frepat.com\/es\/wp-content\/uploads\/sites\/3\/2020\/12\/Montaje1-azul-FINAL-1.jpg 1000w, https:\/\/www.frepat.com\/es\/wp-content\/uploads\/sites\/3\/2020\/12\/Montaje1-azul-FINAL-1-300x169.jpg 300w, https:\/\/www.frepat.com\/es\/wp-content\/uploads\/sites\/3\/2020\/12\/Montaje1-azul-FINAL-1-768x432.jpg 768w, https:\/\/www.frepat.com\/es\/wp-content\/uploads\/sites\/3\/2020\/12\/Montaje1-azul-FINAL-1-600x338.jpg 600w, https:\/\/www.frepat.com\/es\/wp-content\/uploads\/sites\/3\/2020\/12\/Montaje1-azul-FINAL-1-280x158.jpg 280w\" sizes=\"(max-width: 1000px) 100vw, 1000px\" \/><\/figure><\/li><li class=\"blocks-gallery-item\"><figure><img decoding=\"async\" width=\"1000\" height=\"563\" src=\"https:\/\/www.frepat.com\/es\/wp-content\/uploads\/sites\/3\/2020\/12\/Montaje2-amarillo-FINAL-1.jpg\" alt=\"\" data-id=\"1125\" data-full-url=\"https:\/\/www.frepat.com\/es\/wp-content\/uploads\/sites\/3\/2020\/12\/Montaje2-amarillo-FINAL-1.jpg\" data-link=\"https:\/\/www.frepat.com\/es\/2014\/12\/09\/plaza-del-pilar-benahavis\/montaje2-amarillo-final-1\/\" class=\"wp-image-1125\" srcset=\"https:\/\/www.frepat.com\/es\/wp-content\/uploads\/sites\/3\/2020\/12\/Montaje2-amarillo-FINAL-1.jpg 1000w, https:\/\/www.frepat.com\/es\/wp-content\/uploads\/sites\/3\/2020\/12\/Montaje2-amarillo-FINAL-1-300x169.jpg 300w, https:\/\/www.frepat.com\/es\/wp-content\/uploads\/sites\/3\/2020\/12\/Montaje2-amarillo-FINAL-1-768x432.jpg 768w, https:\/\/www.frepat.com\/es\/wp-content\/uploads\/sites\/3\/2020\/12\/Montaje2-amarillo-FINAL-1-600x338.jpg 600w, https:\/\/www.frepat.com\/es\/wp-content\/uploads\/sites\/3\/2020\/12\/Montaje2-amarillo-FINAL-1-280x158.jpg 280w\" sizes=\"(max-width: 1000px) 100vw, 1000px\" \/><\/figure><\/li><\/ul><\/figure>\n","protected":false},"excerpt":{"rendered":"<p>PLAZA DEL PILAR &#8211; BENAHAV\u00cdS PROPUESTA DE CREACI\u00d3N y EQUIPAMIENTO URBANO Benahav\u00eds, M\u00e1laga. ESPAGNE Cliente: Alcald\u00eda de BENAHAVIS FREPAT Urban Equipement propone la instalaci\u00f3n de bancos dise\u00f1ados de acuerdo con la exigencia de \u00abmovilidad\u00bb requerida, y asociada a un concepto de identidad del lugar. Se propone la creaci\u00f3n de grandes estructuras independientes y vers\u00e1tiles que&hellip;&nbsp;<a href=\"https:\/\/www.frepat.com\/es\/2014\/12\/09\/plaza-del-pilar-benahavis\/\" class=\"\" rel=\"bookmark\">Leer m\u00e1s &raquo;<span class=\"screen-reader-text\">PLAZA DEL PILAR &#8211; BENAHAV\u00cdS<\/span><\/a><\/p>\n","protected":false},"author":1,"featured_media":277,"comment_status":"closed","ping_status":"closed","sticky":false,"template":"","format":"standard","meta":{"neve_meta_sidebar":"","neve_meta_container":"","neve_meta_enable_content_width":"off","neve_meta_content_width":0,"neve_meta_title_alignment":"","neve_meta_author_avatar":"","neve_post_elements_order":"","neve_meta_disable_header":"","neve_meta_disable_footer":"","neve_meta_disable_title":"","_themeisle_gutenberg_block_has_review":false},"categories":[5],"tags":[],"yoast_head":"<!-- This site is optimized with the Yoast SEO plugin v20.3 - https:\/\/yoast.com\/wordpress\/plugins\/seo\/ -->\n<title>PLAZA DEL PILAR &#8211; BENAHAV\u00cdS &ndash; Frepat Urban, Mobiliario Urbano<\/title>\n<meta name=\"robots\" content=\"index, follow, max-snippet:-1, max-image-preview:large, max-video-preview:-1\" \/>\n<link rel=\"canonical\" href=\"https:\/\/www.frepat.com\/es\/2014\/12\/09\/plaza-del-pilar-benahavis\/\" \/>\n<meta property=\"og:locale\" content=\"es_ES\" \/>\n<meta property=\"og:type\" content=\"article\" \/>\n<meta property=\"og:title\" content=\"PLAZA DEL PILAR &#8211; BENAHAV\u00cdS &ndash; Frepat Urban, Mobiliario Urbano\" \/>\n<meta property=\"og:description\" content=\"PLAZA DEL PILAR &#8211; BENAHAV\u00cdS PROPUESTA DE CREACI\u00d3N y EQUIPAMIENTO URBANO Benahav\u00eds, M\u00e1laga. ESPAGNE Cliente: Alcald\u00eda de BENAHAVIS FREPAT Urban Equipement propone la instalaci\u00f3n de bancos dise\u00f1ados de acuerdo con la exigencia de \u00abmovilidad\u00bb requerida, y asociada a un concepto de identidad del lugar. Se propone la creaci\u00f3n de grandes estructuras independientes y vers\u00e1tiles que&hellip;&nbsp;Leer m\u00e1s &raquo;PLAZA DEL PILAR &#8211; BENAHAV\u00cdS\" \/>\n<meta property=\"og:url\" content=\"https:\/\/www.frepat.com\/es\/2014\/12\/09\/plaza-del-pilar-benahavis\/\" \/>\n<meta property=\"og:site_name\" content=\"Frepat Urban, Mobiliario Urbano\" \/>\n<meta property=\"article:publisher\" content=\"https:\/\/www.facebook.com\/frepaturban\/\" \/>\n<meta property=\"article:published_time\" content=\"2014-12-09T16:08:34+00:00\" \/>\n<meta property=\"article:modified_time\" content=\"2023-03-28T10:21:09+00:00\" \/>\n<meta property=\"og:image\" content=\"https:\/\/www.frepat.com\/es\/wp-content\/uploads\/sites\/3\/2020\/12\/Montaje2-amarillo-FINAL.jpg\" \/>\n\t<meta property=\"og:image:width\" content=\"1000\" \/>\n\t<meta property=\"og:image:height\" content=\"563\" \/>\n\t<meta property=\"og:image:type\" content=\"image\/jpeg\" \/>\n<meta name=\"author\" content=\"frepaturban\" \/>\n<meta name=\"twitter:card\" content=\"summary_large_image\" \/>\n<meta name=\"twitter:label1\" content=\"Escrito por\" \/>\n\t<meta name=\"twitter:data1\" content=\"frepaturban\" \/>\n\t<meta name=\"twitter:label2\" content=\"Tiempo de lectura\" \/>\n\t<meta name=\"twitter:data2\" content=\"1 minuto\" \/>\n<script type=\"application\/ld+json\" class=\"yoast-schema-graph\">{\"@context\":\"https:\/\/schema.org\",\"@graph\":[{\"@type\":\"Article\",\"@id\":\"https:\/\/www.frepat.com\/es\/2014\/12\/09\/plaza-del-pilar-benahavis\/#article\",\"isPartOf\":{\"@id\":\"https:\/\/www.frepat.com\/es\/2014\/12\/09\/plaza-del-pilar-benahavis\/\"},\"author\":{\"name\":\"frepaturban\",\"@id\":\"https:\/\/www.frepat.com\/es\/#\/schema\/person\/1e7efbe29c2d97d18f813971bba2e124\"},\"headline\":\"PLAZA DEL PILAR &#8211; BENAHAV\u00cdS\",\"datePublished\":\"2014-12-09T16:08:34+00:00\",\"dateModified\":\"2023-03-28T10:21:09+00:00\",\"mainEntityOfPage\":{\"@id\":\"https:\/\/www.frepat.com\/es\/2014\/12\/09\/plaza-del-pilar-benahavis\/\"},\"wordCount\":172,\"publisher\":{\"@id\":\"https:\/\/www.frepat.com\/es\/#organization\"},\"articleSection\":[\"Urbanistic Projects\"],\"inLanguage\":\"es\"},{\"@type\":\"WebPage\",\"@id\":\"https:\/\/www.frepat.com\/es\/2014\/12\/09\/plaza-del-pilar-benahavis\/\",\"url\":\"https:\/\/www.frepat.com\/es\/2014\/12\/09\/plaza-del-pilar-benahavis\/\",\"name\":\"PLAZA DEL PILAR &#8211; BENAHAV\u00cdS &ndash; Frepat Urban, Mobiliario Urbano\",\"isPartOf\":{\"@id\":\"https:\/\/www.frepat.com\/es\/#website\"},\"datePublished\":\"2014-12-09T16:08:34+00:00\",\"dateModified\":\"2023-03-28T10:21:09+00:00\",\"breadcrumb\":{\"@id\":\"https:\/\/www.frepat.com\/es\/2014\/12\/09\/plaza-del-pilar-benahavis\/#breadcrumb\"},\"inLanguage\":\"es\",\"potentialAction\":[{\"@type\":\"ReadAction\",\"target\":[\"https:\/\/www.frepat.com\/es\/2014\/12\/09\/plaza-del-pilar-benahavis\/\"]}]},{\"@type\":\"BreadcrumbList\",\"@id\":\"https:\/\/www.frepat.com\/es\/2014\/12\/09\/plaza-del-pilar-benahavis\/#breadcrumb\",\"itemListElement\":[{\"@type\":\"ListItem\",\"position\":1,\"name\":\"Portada\",\"item\":\"https:\/\/www.frepat.com\/es\/\"},{\"@type\":\"ListItem\",\"position\":2,\"name\":\"PLAZA DEL PILAR &#8211; BENAHAV\u00cdS\"}]},{\"@type\":\"WebSite\",\"@id\":\"https:\/\/www.frepat.com\/es\/#website\",\"url\":\"https:\/\/www.frepat.com\/es\/\",\"name\":\"FREPAT URBAN EQUIPMENT\",\"description\":\"Frepat Urban Mobiliario urbano con bancos urbanos, papeleras de exterior, bancos y mesas urbanos, aparca bicis, jardineras.\",\"publisher\":{\"@id\":\"https:\/\/www.frepat.com\/es\/#organization\"},\"alternateName\":\"FREPAT\",\"potentialAction\":[{\"@type\":\"SearchAction\",\"target\":{\"@type\":\"EntryPoint\",\"urlTemplate\":\"https:\/\/www.frepat.com\/es\/?s={search_term_string}\"},\"query-input\":\"required name=search_term_string\"}],\"inLanguage\":\"es\"},{\"@type\":\"Organization\",\"@id\":\"https:\/\/www.frepat.com\/es\/#organization\",\"name\":\"FREPAT URBAN EQUIPMENT\",\"alternateName\":\"FREPAT\",\"url\":\"https:\/\/www.frepat.com\/es\/\",\"logo\":{\"@type\":\"ImageObject\",\"inLanguage\":\"es\",\"@id\":\"https:\/\/www.frepat.com\/es\/#\/schema\/logo\/image\/\",\"url\":\"http:\/\/www.frepat.com\/es\/wp-content\/uploads\/sites\/3\/2023\/03\/cropped-FREPAT_LCMYK-3.jpg\",\"contentUrl\":\"http:\/\/www.frepat.com\/es\/wp-content\/uploads\/sites\/3\/2023\/03\/cropped-FREPAT_LCMYK-3.jpg\",\"width\":512,\"height\":512,\"caption\":\"FREPAT URBAN EQUIPMENT\"},\"image\":{\"@id\":\"https:\/\/www.frepat.com\/es\/#\/schema\/logo\/image\/\"},\"sameAs\":[\"https:\/\/www.facebook.com\/frepaturban\/\",\"https:\/\/www.instagram.com\/frepat_urban_equipment\"]},{\"@type\":\"Person\",\"@id\":\"https:\/\/www.frepat.com\/es\/#\/schema\/person\/1e7efbe29c2d97d18f813971bba2e124\",\"name\":\"frepaturban\",\"image\":{\"@type\":\"ImageObject\",\"inLanguage\":\"es\",\"@id\":\"https:\/\/www.frepat.com\/es\/#\/schema\/person\/image\/\",\"url\":\"https:\/\/secure.gravatar.com\/avatar\/c6358d95d4d38a57ddbc55358d3e656d?s=96&d=mm&r=g\",\"contentUrl\":\"https:\/\/secure.gravatar.com\/avatar\/c6358d95d4d38a57ddbc55358d3e656d?s=96&d=mm&r=g\",\"caption\":\"frepaturban\"},\"url\":\"https:\/\/www.frepat.com\/es\/author\/cathy\/\"}]}<\/script>\n<!-- \/ Yoast SEO plugin. -->","yoast_head_json":{"title":"PLAZA DEL PILAR &#8211; BENAHAV\u00cdS &ndash; Frepat Urban, Mobiliario Urbano","robots":{"index":"index","follow":"follow","max-snippet":"max-snippet:-1","max-image-preview":"max-image-preview:large","max-video-preview":"max-video-preview:-1"},"canonical":"https:\/\/www.frepat.com\/es\/2014\/12\/09\/plaza-del-pilar-benahavis\/","og_locale":"es_ES","og_type":"article","og_title":"PLAZA DEL PILAR &#8211; BENAHAV\u00cdS &ndash; Frepat Urban, Mobiliario Urbano","og_description":"PLAZA DEL PILAR &#8211; BENAHAV\u00cdS PROPUESTA DE CREACI\u00d3N y EQUIPAMIENTO URBANO Benahav\u00eds, M\u00e1laga. ESPAGNE Cliente: Alcald\u00eda de BENAHAVIS FREPAT Urban Equipement propone la instalaci\u00f3n de bancos dise\u00f1ados de acuerdo con la exigencia de \u00abmovilidad\u00bb requerida, y asociada a un concepto de identidad del lugar. Se propone la creaci\u00f3n de grandes estructuras independientes y vers\u00e1tiles que&hellip;&nbsp;Leer m\u00e1s &raquo;PLAZA DEL PILAR &#8211; BENAHAV\u00cdS","og_url":"https:\/\/www.frepat.com\/es\/2014\/12\/09\/plaza-del-pilar-benahavis\/","og_site_name":"Frepat Urban, Mobiliario Urbano","article_publisher":"https:\/\/www.facebook.com\/frepaturban\/","article_published_time":"2014-12-09T16:08:34+00:00","article_modified_time":"2023-03-28T10:21:09+00:00","og_image":[{"width":1000,"height":563,"url":"https:\/\/www.frepat.com\/es\/wp-content\/uploads\/sites\/3\/2020\/12\/Montaje2-amarillo-FINAL.jpg","type":"image\/jpeg"}],"author":"frepaturban","twitter_card":"summary_large_image","twitter_misc":{"Escrito por":"frepaturban","Tiempo de lectura":"1 minuto"},"schema":{"@context":"https:\/\/schema.org","@graph":[{"@type":"Article","@id":"https:\/\/www.frepat.com\/es\/2014\/12\/09\/plaza-del-pilar-benahavis\/#article","isPartOf":{"@id":"https:\/\/www.frepat.com\/es\/2014\/12\/09\/plaza-del-pilar-benahavis\/"},"author":{"name":"frepaturban","@id":"https:\/\/www.frepat.com\/es\/#\/schema\/person\/1e7efbe29c2d97d18f813971bba2e124"},"headline":"PLAZA DEL PILAR &#8211; BENAHAV\u00cdS","datePublished":"2014-12-09T16:08:34+00:00","dateModified":"2023-03-28T10:21:09+00:00","mainEntityOfPage":{"@id":"https:\/\/www.frepat.com\/es\/2014\/12\/09\/plaza-del-pilar-benahavis\/"},"wordCount":172,"publisher":{"@id":"https:\/\/www.frepat.com\/es\/#organization"},"articleSection":["Urbanistic Projects"],"inLanguage":"es"},{"@type":"WebPage","@id":"https:\/\/www.frepat.com\/es\/2014\/12\/09\/plaza-del-pilar-benahavis\/","url":"https:\/\/www.frepat.com\/es\/2014\/12\/09\/plaza-del-pilar-benahavis\/","name":"PLAZA DEL PILAR &#8211; BENAHAV\u00cdS &ndash; Frepat Urban, Mobiliario Urbano","isPartOf":{"@id":"https:\/\/www.frepat.com\/es\/#website"},"datePublished":"2014-12-09T16:08:34+00:00","dateModified":"2023-03-28T10:21:09+00:00","breadcrumb":{"@id":"https:\/\/www.frepat.com\/es\/2014\/12\/09\/plaza-del-pilar-benahavis\/#breadcrumb"},"inLanguage":"es","potentialAction":[{"@type":"ReadAction","target":["https:\/\/www.frepat.com\/es\/2014\/12\/09\/plaza-del-pilar-benahavis\/"]}]},{"@type":"BreadcrumbList","@id":"https:\/\/www.frepat.com\/es\/2014\/12\/09\/plaza-del-pilar-benahavis\/#breadcrumb","itemListElement":[{"@type":"ListItem","position":1,"name":"Portada","item":"https:\/\/www.frepat.com\/es\/"},{"@type":"ListItem","position":2,"name":"PLAZA DEL PILAR &#8211; BENAHAV\u00cdS"}]},{"@type":"WebSite","@id":"https:\/\/www.frepat.com\/es\/#website","url":"https:\/\/www.frepat.com\/es\/","name":"FREPAT URBAN EQUIPMENT","description":"Frepat Urban Mobiliario urbano con bancos urbanos, papeleras de exterior, bancos y mesas urbanos, aparca bicis, jardineras.","publisher":{"@id":"https:\/\/www.frepat.com\/es\/#organization"},"alternateName":"FREPAT","potentialAction":[{"@type":"SearchAction","target":{"@type":"EntryPoint","urlTemplate":"https:\/\/www.frepat.com\/es\/?s={search_term_string}"},"query-input":"required name=search_term_string"}],"inLanguage":"es"},{"@type":"Organization","@id":"https:\/\/www.frepat.com\/es\/#organization","name":"FREPAT URBAN EQUIPMENT","alternateName":"FREPAT","url":"https:\/\/www.frepat.com\/es\/","logo":{"@type":"ImageObject","inLanguage":"es","@id":"https:\/\/www.frepat.com\/es\/#\/schema\/logo\/image\/","url":"http:\/\/www.frepat.com\/es\/wp-content\/uploads\/sites\/3\/2023\/03\/cropped-FREPAT_LCMYK-3.jpg","contentUrl":"http:\/\/www.frepat.com\/es\/wp-content\/uploads\/sites\/3\/2023\/03\/cropped-FREPAT_LCMYK-3.jpg","width":512,"height":512,"caption":"FREPAT URBAN EQUIPMENT"},"image":{"@id":"https:\/\/www.frepat.com\/es\/#\/schema\/logo\/image\/"},"sameAs":["https:\/\/www.facebook.com\/frepaturban\/","https:\/\/www.instagram.com\/frepat_urban_equipment"]},{"@type":"Person","@id":"https:\/\/www.frepat.com\/es\/#\/schema\/person\/1e7efbe29c2d97d18f813971bba2e124","name":"frepaturban","image":{"@type":"ImageObject","inLanguage":"es","@id":"https:\/\/www.frepat.com\/es\/#\/schema\/person\/image\/","url":"https:\/\/secure.gravatar.com\/avatar\/c6358d95d4d38a57ddbc55358d3e656d?s=96&d=mm&r=g","contentUrl":"https:\/\/secure.gravatar.com\/avatar\/c6358d95d4d38a57ddbc55358d3e656d?s=96&d=mm&r=g","caption":"frepaturban"},"url":"https:\/\/www.frepat.com\/es\/author\/cathy\/"}]}},"_links":{"self":[{"href":"https:\/\/www.frepat.com\/es\/wp-json\/wp\/v2\/posts\/268"}],"collection":[{"href":"https:\/\/www.frepat.com\/es\/wp-json\/wp\/v2\/posts"}],"about":[{"href":"https:\/\/www.frepat.com\/es\/wp-json\/wp\/v2\/types\/post"}],"author":[{"embeddable":true,"href":"https:\/\/www.frepat.com\/es\/wp-json\/wp\/v2\/users\/1"}],"replies":[{"embeddable":true,"href":"https:\/\/www.frepat.com\/es\/wp-json\/wp\/v2\/comments?post=268"}],"version-history":[{"count":6,"href":"https:\/\/www.frepat.com\/es\/wp-json\/wp\/v2\/posts\/268\/revisions"}],"predecessor-version":[{"id":1126,"href":"https:\/\/www.frepat.com\/es\/wp-json\/wp\/v2\/posts\/268\/revisions\/1126"}],"wp:featuredmedia":[{"embeddable":true,"href":"https:\/\/www.frepat.com\/es\/wp-json\/wp\/v2\/media\/277"}],"wp:attachment":[{"href":"https:\/\/www.frepat.com\/es\/wp-json\/wp\/v2\/media?parent=268"}],"wp:term":[{"taxonomy":"category","embeddable":true,"href":"https:\/\/www.frepat.com\/es\/wp-json\/wp\/v2\/categories?post=268"},{"taxonomy":"post_tag","embeddable":true,"href":"https:\/\/www.frepat.com\/es\/wp-json\/wp\/v2\/tags?post=268"}],"curies":[{"name":"wp","href":"https:\/\/api.w.org\/{rel}","templated":true}]}}